{"id":1686,"date":"2011-03-30T19:35:00","date_gmt":"2011-03-30T19:35:00","guid":{"rendered":"http:\/\/www.ithaa.fr\/?p=1686"},"modified":"2013-08-19T17:10:21","modified_gmt":"2013-08-19T17:10:21","slug":"20110328something-yellow","status":"publish","type":"post","link":"http:\/\/www.ithaa.fr\/en\/20110328something-yellow\/","title":{"rendered":"Something yellow, somthing sweet"},"content":{"rendered":"<p>\nJ&#8217;ai toujours eu un faible pour les couleurs douces de l&#8217;\u00e9t\u00e9. Je crois que rien n&#8217;a chang\u00e9 dans mon dressing depuis des ann\u00e9es. D\u00e8s que l&#8217;\u00e9t\u00e9 approche je plonge dans le m\u00eame univers frais et poudr\u00e9.<br \/>\nJ&#8217;aime le vert d&#8217;eau, le vieux rose et le beige et m\u00eame si le noir et le rouge font aussi partie de mon univers je ne me suis jamais sentie aussi bien que dans des couleurs douces et transparentes.<br \/>\nCette tendance \u00e0 craquer souvent pour les m\u00eames couleurs ne me lasse pas. Le plus important est de vivre le v\u00eatement et de ne pas essayer de ressembler \u00e0  un personnage.<br \/>\nCertaines parmi vous m&#8217;ont dit que ces couleurs ne vont pas aux blondes mais je pense qu&#8217;un bon blush et un joli teint flattent toutes les tenues.<br \/>\nJe me trompe peut \u00eatre mais je n&#8217;ai pas envie de croire qu&#8217;il y a des couleurs pour les blondes et d&#8217;autres pour les brunes&#8230;<br \/>\nEt vous? Quelle est votre couleur pr\u00e9f\u00e9r\u00e9e?<\/p>\n<p><img decoding=\"async\" src=\"\/public\/Mars_2011\/ITH_8163-1.jpg\" alt=\"ITH_8163-1.jpg\" style=\"display:block; margin:0 auto;\" \/><br \/>\n<img decoding=\"async\" src=\"\/public\/Mars_2011\/ITH_8175-1.jpg\" alt=\"ITH_8175-1.jpg\" style=\"display:block; margin:0 auto;\" \/><br \/>\nRobe top shop, gilet urban outfitters, chaussures miu miu<\/p>\n","protected":false},"excerpt":{"rendered":"<p>J&#8217;ai toujours eu un faible pour les couleurs douces de l&#8217;\u00e9t\u00e9. Je crois que rien n&#8217;a chang\u00e9 dans mon dressing depuis des ann\u00e9es. D\u00e8s que l&#8217;\u00e9t\u00e9 approche je plonge dans le m\u00eame univers frais et poudr\u00e9. J&#8217;aime le vert d&#8217;eau, le vieux rose et le beige et m\u00eame si le noir et le rouge font aussi partie de mon univers je ne me suis jamais sentie aussi bien que dans des couleurs douces et transparentes. Cette tendance \u00e0 craquer souvent(&#8230;)<\/p>\n<h1><a class=\"read-more\" href=\"http:\/\/www.ithaa.fr\/en\/20110328something-yellow\/\">La suite<\/a><\/h1>\n","protected":false},"author":5,"featured_media":3609,"comment_status":"open","ping_status":"closed","sticky":false,"template":"","format":"standard","meta":{"om_disable_all_campaigns":false},"categories":[17],"tags":[],"aioseo_notices":[],"_links":{"self":[{"href":"http:\/\/www.ithaa.fr\/en\/wp-json\/wp\/v2\/posts\/1686"}],"collection":[{"href":"http:\/\/www.ithaa.fr\/en\/wp-json\/wp\/v2\/posts"}],"about":[{"href":"http:\/\/www.ithaa.fr\/en\/wp-json\/wp\/v2\/types\/post"}],"author":[{"embeddable":true,"href":"http:\/\/www.ithaa.fr\/en\/wp-json\/wp\/v2\/users\/5"}],"replies":[{"embeddable":true,"href":"http:\/\/www.ithaa.fr\/en\/wp-json\/wp\/v2\/comments?post=1686"}],"version-history":[{"count":1,"href":"http:\/\/www.ithaa.fr\/en\/wp-json\/wp\/v2\/posts\/1686\/revisions"}],"predecessor-version":[{"id":2724,"href":"http:\/\/www.ithaa.fr\/en\/wp-json\/wp\/v2\/posts\/1686\/revisions\/2724"}],"wp:featuredmedia":[{"embeddable":true,"href":"http:\/\/www.ithaa.fr\/en\/wp-json\/wp\/v2\/media\/3609"}],"wp:attachment":[{"href":"http:\/\/www.ithaa.fr\/en\/wp-json\/wp\/v2\/media?parent=1686"}],"wp:term":[{"taxonomy":"category","embeddable":true,"href":"http:\/\/www.ithaa.fr\/en\/wp-json\/wp\/v2\/categories?post=1686"},{"taxonomy":"post_tag","embeddable":true,"href":"http:\/\/www.ithaa.fr\/en\/wp-json\/wp\/v2\/tags?post=1686"}],"curies":[{"name":"wp","href":"https:\/\/api.w.org\/{rel}","templated":true}]}}