{"id":2019,"date":"2009-03-01T15:09:00","date_gmt":"2009-03-01T15:09:00","guid":{"rendered":"http:\/\/www.ithaa.fr\/?p=2019"},"modified":"2013-08-16T22:53:40","modified_gmt":"2013-08-16T22:53:40","slug":"20090301com","status":"publish","type":"post","link":"http:\/\/www.ithaa.fr\/en\/20090301com\/","title":{"rendered":"Le cas du combi-sarouel"},"content":{"rendered":"<p>\n<img decoding=\"async\" src=\"\/public\/zara\/combipantalon.jpg\" alt=\"combipantalon.jpg\" style=\"display:block; margin:0 auto;\" title=\"combipantalon.jpg, mar 2009\" \/><\/p>\n<p>Je voulais un sarouel, je voulais un bustier, et voil\u00e0 c&#8217;est chose faite!<\/p>\n<p>Je ne pouvais pas passer \u00e0 c\u00f4t\u00e9 de cette pi\u00e8ce ample et  fluide qui donne incontestablement une allure d\u00e9contract\u00e9e et insouciante&#8230;<\/p>\n<p>Et avec le bas resserr\u00e9 en bas de la jambe on flatte la cheville et on met en valeur les talons.<\/p>\n<p>Vous l&#8217;avez compris, je suis amoureuse de ma combi, vivement que l&#8217;\u00e9t\u00e9 se pointe et vivement d&#8217;autres combi!<\/p>\n<p><\/p>\n<p><a href=\"\/index.php?post\/2008\/12\/22\/ccc2\">Ps: Rappelez vous ma wish list du mois de d\u00e9cembre, je suis toujours \u00e0 la recherche d&#8217;une combi qui ressemble \u00e0 cette merveille.<\/a> <br \/>\nJe compte sur vous mes amours, si vous la trouvez quelque part!<\/p>\n<p>Bon dimanche!<\/p>\n<p><img decoding=\"async\" src=\"\/public\/zara\/cmbinaison0.jpg\" alt=\"cmbinaison0.jpg\" style=\"display:block; margin:0 auto;\" title=\"cmbinaison0.jpg, mar 2009\" \/><br \/>\n<img decoding=\"async\" src=\"\/public\/zara\/combinaison2.jpg\" alt=\"combinaison2.jpg\" style=\"display:block; margin:0 auto;\" title=\"combinaison2.jpg, mar 2009\" \/><br \/><img decoding=\"async\" src=\"\/public\/zara\/combi.jpg\" alt=\"combi.jpg\" style=\"display:block; margin:0 auto;\" title=\"combi.jpg, mar 2009\" \/><br \/>\n<img decoding=\"async\" src=\"\/public\/zara\/combi000.jpg\" alt=\"combi000.jpg\" style=\"display:block; margin:0 auto;\" title=\"combi000.jpg, mar 2009\" \/><br \/>\nCombi-sarouel Zara  29,90 euros, sandales Yves Saint Laurent, compens\u00e9s H&amp;M, ceinture H&amp;M<\/p>\n","protected":false},"excerpt":{"rendered":"<p>Je voulais un sarouel, je voulais un bustier, et voil\u00e0 c&#8217;est chose faite! Je ne pouvais pas passer \u00e0 c\u00f4t\u00e9 de cette pi\u00e8ce ample et fluide qui donne incontestablement une allure d\u00e9contract\u00e9e et insouciante&#8230; Et avec le bas resserr\u00e9 en bas de la jambe on flatte la cheville et on met en valeur les talons. Vous l&#8217;avez compris, je suis amoureuse de ma combi, vivement que l&#8217;\u00e9t\u00e9 se pointe et vivement d&#8217;autres combi! Ps: Rappelez vous ma wish list du(&#8230;)<\/p>\n<h1><a class=\"read-more\" href=\"http:\/\/www.ithaa.fr\/en\/20090301com\/\">La suite<\/a><\/h1>\n","protected":false},"author":5,"featured_media":0,"comment_status":"open","ping_status":"closed","sticky":false,"template":"","format":"standard","meta":{"om_disable_all_campaigns":false},"categories":[17],"tags":[],"aioseo_notices":[],"_links":{"self":[{"href":"http:\/\/www.ithaa.fr\/en\/wp-json\/wp\/v2\/posts\/2019"}],"collection":[{"href":"http:\/\/www.ithaa.fr\/en\/wp-json\/wp\/v2\/posts"}],"about":[{"href":"http:\/\/www.ithaa.fr\/en\/wp-json\/wp\/v2\/types\/post"}],"author":[{"embeddable":true,"href":"http:\/\/www.ithaa.fr\/en\/wp-json\/wp\/v2\/users\/5"}],"replies":[{"embeddable":true,"href":"http:\/\/www.ithaa.fr\/en\/wp-json\/wp\/v2\/comments?post=2019"}],"version-history":[{"count":1,"href":"http:\/\/www.ithaa.fr\/en\/wp-json\/wp\/v2\/posts\/2019\/revisions"}],"predecessor-version":[{"id":2978,"href":"http:\/\/www.ithaa.fr\/en\/wp-json\/wp\/v2\/posts\/2019\/revisions\/2978"}],"wp:attachment":[{"href":"http:\/\/www.ithaa.fr\/en\/wp-json\/wp\/v2\/media?parent=2019"}],"wp:term":[{"taxonomy":"category","embeddable":true,"href":"http:\/\/www.ithaa.fr\/en\/wp-json\/wp\/v2\/categories?post=2019"},{"taxonomy":"post_tag","embeddable":true,"href":"http:\/\/www.ithaa.fr\/en\/wp-json\/wp\/v2\/tags?post=2019"}],"curies":[{"name":"wp","href":"https:\/\/api.w.org\/{rel}","templated":true}]}}