{"id":2315,"date":"2012-01-28T15:04:00","date_gmt":"2012-01-28T15:04:00","guid":{"rendered":"http:\/\/www.ithaa.fr\/?p=2315"},"modified":"2012-01-28T15:04:00","modified_gmt":"2012-01-28T15:04:00","slug":"20120128victorrolf","status":"publish","type":"post","link":"http:\/\/www.ithaa.fr\/en\/20120128victorrolf\/","title":{"rendered":"Viktor&#038;Rolf"},"content":{"rendered":"<p><img decoding=\"async\" src=\"\/public\/Decembre_2011\/DSC_2662.jpg\" alt=\"DSC_2662.jpg\" style=\"display:block; margin:0 auto;\" \/><\/p>\n<p>Pour faire la diff\u00e9rence entre les deux. Sachez que Viktor est celui qui porte des Lunettes \ud83d\ude09<br \/>\nBien je vais vous le dire, Rolf c&#8217;est celui qui porte le teddy et des lunettes aussi!<br \/>\nJe ne suis pas pr\u00eate \u00e0 oublier ma rencontre avec Viktor&amp;Rolf&#8230; Pour la petite histoire, j&#8217;ai rencontr\u00e9 il y a quelques jours une cr\u00e9atrice que je ne connaissais pas avant. J&#8217;avais l&#8217;impression d&#8217;\u00eatre \u00e0 Dallas et limite il fallait lui demander un autographe pour d\u00e9crocher un bonjour.<br \/>\nOh bonjour la mode, il faut descendre sur terre!<br \/>\nPourquoi les cr\u00e9ateurs fran\u00e7ais enfin certains vivent sur une autre plan\u00e8te? D\u00e9sol\u00e9e, je ne fais en aucun cas une g\u00e9n\u00e9ralisation mais je suis un peu traumatis\u00e9e par le petit incident qui m&#8217;est arriv\u00e9 il y a quelques jours&#8230;<br \/>\nJe ne vais pas vous citer de nom mais je ne connaissais pas la marque en question il y a quelques jours&#8230;<br \/>\nBref, Viktor&amp;Rolf, leurs STAFFS sont tellement adorables que je suis encore sur mon nuage.<br \/>\nHum \u00e7a fait du bien de rencontrer des gens normaux et pourtant ils font partie d&#8217;un autre monde&#8230;<\/p>\n","protected":false},"excerpt":{"rendered":"<p>Pour faire la diff\u00e9rence entre les deux. Sachez que Viktor est celui qui porte des Lunettes \ud83d\ude09 Bien je vais vous le dire, Rolf c&#8217;est celui qui porte le teddy et des lunettes aussi! Je ne suis pas pr\u00eate \u00e0 oublier ma rencontre avec Viktor&amp;Rolf&#8230; Pour la petite histoire, j&#8217;ai rencontr\u00e9 il y a quelques jours une cr\u00e9atrice que je ne connaissais pas avant. J&#8217;avais l&#8217;impression d&#8217;\u00eatre \u00e0 Dallas et limite il fallait lui demander un autographe pour d\u00e9crocher un(&#8230;)<\/p>\n<h1><a class=\"read-more\" href=\"http:\/\/www.ithaa.fr\/en\/20120128victorrolf\/\">La suite<\/a><\/h1>\n","protected":false},"author":5,"featured_media":0,"comment_status":"open","ping_status":"closed","sticky":false,"template":"","format":"standard","meta":{"om_disable_all_campaigns":false},"categories":[22],"tags":[],"aioseo_notices":[],"_links":{"self":[{"href":"http:\/\/www.ithaa.fr\/en\/wp-json\/wp\/v2\/posts\/2315"}],"collection":[{"href":"http:\/\/www.ithaa.fr\/en\/wp-json\/wp\/v2\/posts"}],"about":[{"href":"http:\/\/www.ithaa.fr\/en\/wp-json\/wp\/v2\/types\/post"}],"author":[{"embeddable":true,"href":"http:\/\/www.ithaa.fr\/en\/wp-json\/wp\/v2\/users\/5"}],"replies":[{"embeddable":true,"href":"http:\/\/www.ithaa.fr\/en\/wp-json\/wp\/v2\/comments?post=2315"}],"version-history":[{"count":0,"href":"http:\/\/www.ithaa.fr\/en\/wp-json\/wp\/v2\/posts\/2315\/revisions"}],"wp:attachment":[{"href":"http:\/\/www.ithaa.fr\/en\/wp-json\/wp\/v2\/media?parent=2315"}],"wp:term":[{"taxonomy":"category","embeddable":true,"href":"http:\/\/www.ithaa.fr\/en\/wp-json\/wp\/v2\/categories?post=2315"},{"taxonomy":"post_tag","embeddable":true,"href":"http:\/\/www.ithaa.fr\/en\/wp-json\/wp\/v2\/tags?post=2315"}],"curies":[{"name":"wp","href":"https:\/\/api.w.org\/{rel}","templated":true}]}}