{"id":4545,"date":"2013-10-02T11:16:27","date_gmt":"2013-10-02T09:16:27","guid":{"rendered":"http:\/\/www.ithaa.fr\/?p=4545"},"modified":"2013-10-02T11:16:55","modified_gmt":"2013-10-02T09:16:55","slug":"the-perfect-jacket","status":"publish","type":"post","link":"http:\/\/www.ithaa.fr\/en\/the-perfect-jacket\/","title":{"rendered":"The perfect jacket"},"content":{"rendered":"<p>Indispensable!<br \/>\nAmour fou. Il me la faut!<br \/>\nCette petite veste, \u00e0 la coupe parfaite et la bonne couleur est devenue un joli classique dans mon dressing.Je ne m&#8217;en lasse pas!<br \/>\n<a href=\"http:\/\/www.pablo.fr\/\">La nouvelle collection Pablo<\/a> repr\u00e9sente d\u00e9finitivement pour moi le vrai chic \u00e0 la parisienne avec des pi\u00e8ces aussi sublimes qu&#8217;intemporelles.<br \/>\nComment vous dire, je suis tellement ravie d&#8217;\u00eatre choisie par cette jolie marque pour piocher quelques pi\u00e8ces de sa sublime collection!<\/p>\n<p><img decoding=\"async\" loading=\"lazy\" src=\"http:\/\/www.ithaa.fr\/wp-content\/uploads\/2013\/09\/Isabel-marant-dress-9.jpg\" alt=\"Isabel marant dress-9\" width=\"760\" height=\"1142\" class=\"aligncenter size-full wp-image-4238\" \/>Sorry pour ma t\u00eate fatigu\u00e9e mais au moment de ces photos je cumulais les nuits blanches;)<br \/>\n<img decoding=\"async\" loading=\"lazy\" src=\"http:\/\/www.ithaa.fr\/wp-content\/uploads\/2013\/09\/Isabel-marant-dress-10.jpg\" alt=\"Isabel marant dress-10\" width=\"760\" height=\"1142\" class=\"aligncenter size-full wp-image-4237\" \/><img decoding=\"async\" loading=\"lazy\" src=\"http:\/\/www.ithaa.fr\/wp-content\/uploads\/2013\/09\/Isabel-marant-dress-8.jpg\" alt=\"Isabel marant dress-8\" width=\"760\" height=\"1142\" class=\"aligncenter size-full wp-image-4239\" \/><img decoding=\"async\" loading=\"lazy\" src=\"http:\/\/www.ithaa.fr\/wp-content\/uploads\/2013\/09\/Isabel-marant-dress-7.jpg\" alt=\"Isabel marant dress-7\" width=\"760\" height=\"1142\" class=\"aligncenter size-full wp-image-4240\" \/><br \/>\n<a href=\"http:\/\/www.pablo.fr\/eshop\/vestes.html\">Veste Pablo<\/a>, Collants Dim, Gambettes Box by my little Paris, Sac triobag C\u00e9line, Robe isabel marant ( pardon je n&#8217;ai pas le nom de la robe, co actuelle), boots Loeffler randall via <a href=\"http:\/\/www.departementduluxe.com\/fr\/\">D\u00e9partement du Luxe<\/a><\/p>\n<p>Et pour info vous pouvez b\u00e9n\u00e9ficier aujourd&#8217;hui de 20% de r\u00e9duction sur la nouvelle collection Sur<a href=\"http:\/\/www.departementduluxe.com\/\"> D\u00e9partement du Luxe<\/a> avec le code  <FONT COLOR=\"#FF69B4\">FASHIONWEEK20<\/FONT>,  et la livraison gratuite avec le code <FONT COLOR=\"#7FFFD4\">ITHAAFREE<\/FONT>!<\/p>\n","protected":false},"excerpt":{"rendered":"<p>Indispensable! Amour fou. Il me la faut! Cette petite veste, \u00e0 la coupe parfaite et la bonne couleur est devenue un joli classique dans mon dressing.Je ne m&#8217;en lasse pas! La nouvelle collection Pablo repr\u00e9sente d\u00e9finitivement pour moi le vrai chic \u00e0 la parisienne avec des pi\u00e8ces aussi sublimes qu&#8217;intemporelles. Comment vous dire, je suis tellement ravie d&#8217;\u00eatre choisie par cette jolie marque pour piocher quelques pi\u00e8ces de sa sublime collection! Sorry pour ma t\u00eate fatigu\u00e9e mais au moment de(&#8230;)<\/p>\n<h1><a class=\"read-more\" href=\"http:\/\/www.ithaa.fr\/en\/the-perfect-jacket\/\">La suite<\/a><\/h1>\n","protected":false},"author":5,"featured_media":4240,"comment_status":"open","ping_status":"open","sticky":false,"template":"","format":"standard","meta":{"om_disable_all_campaigns":false},"categories":[17],"tags":[],"aioseo_notices":[],"_links":{"self":[{"href":"http:\/\/www.ithaa.fr\/en\/wp-json\/wp\/v2\/posts\/4545"}],"collection":[{"href":"http:\/\/www.ithaa.fr\/en\/wp-json\/wp\/v2\/posts"}],"about":[{"href":"http:\/\/www.ithaa.fr\/en\/wp-json\/wp\/v2\/types\/post"}],"author":[{"embeddable":true,"href":"http:\/\/www.ithaa.fr\/en\/wp-json\/wp\/v2\/users\/5"}],"replies":[{"embeddable":true,"href":"http:\/\/www.ithaa.fr\/en\/wp-json\/wp\/v2\/comments?post=4545"}],"version-history":[{"count":6,"href":"http:\/\/www.ithaa.fr\/en\/wp-json\/wp\/v2\/posts\/4545\/revisions"}],"predecessor-version":[{"id":4551,"href":"http:\/\/www.ithaa.fr\/en\/wp-json\/wp\/v2\/posts\/4545\/revisions\/4551"}],"wp:featuredmedia":[{"embeddable":true,"href":"http:\/\/www.ithaa.fr\/en\/wp-json\/wp\/v2\/media\/4240"}],"wp:attachment":[{"href":"http:\/\/www.ithaa.fr\/en\/wp-json\/wp\/v2\/media?parent=4545"}],"wp:term":[{"taxonomy":"category","embeddable":true,"href":"http:\/\/www.ithaa.fr\/en\/wp-json\/wp\/v2\/categories?post=4545"},{"taxonomy":"post_tag","embeddable":true,"href":"http:\/\/www.ithaa.fr\/en\/wp-json\/wp\/v2\/tags?post=4545"}],"curies":[{"name":"wp","href":"https:\/\/api.w.org\/{rel}","templated":true}]}}